{"id":5526,"global_id":"teatrocordoba.es\/festival-guitarra-cordoba?id=5526","global_id_lineage":["teatrocordoba.es\/festival-guitarra-cordoba?id=5526"],"author":"10","status":"publish","date":"2022-04-06 10:37:01","date_utc":"2022-04-06 10:37:01","modified":"2022-06-28 08:39:03","modified_utc":"2022-06-28 08:39:03","url":"https:\/\/teatrocordoba.es\/festival-guitarra-cordoba\/eventos\/patios-de-guitarras-alvaro-leoncio-gabriel-rodriguez\/","rest_url":"https:\/\/teatrocordoba.es\/festival-guitarra-cordoba\/wp-json\/tribe\/events\/v1\/events\/5526","title":"PATIOS DE GUITARRA \/ \u00c1LVARO LEONCIO \/ GABRIEL RODR\u00cdGUEZ","description":"<p><strong><em>Confesiones desde el silencio: m\u00fasicas de nuestro tiempo<\/em><\/strong><\/p>\n<p><strong><em>\u00a0<\/em><\/strong><\/p>\n<p><strong>\u00c1lvaro Leoncio Carrillo (guitarra)<\/strong><\/p>\n<p><strong>Gabriel Rodr\u00edguez Ramos (flauta)<\/strong><\/p>\n<p><strong>\u00a0<\/strong><\/p>\n<p>PROGRAMA:<\/p>\n<ol>\n<li>T\u00c1RREGA: <strong><em>Preludios <\/em><\/strong>(selecci\u00f3n)<\/li>\n<li>W. HENZE: <strong><em>Tres Tientos<\/em><\/strong><\/li>\n<li>SMAILI: <strong><em>\u2026y el canto se hizo vuelo<\/em><\/strong><\/li>\n<li><em> La almohada de los sue\u00f1os<\/em><\/li>\n<li><em> Noche alta<\/em><\/li>\n<\/ol>\n<p><em>III. La luz ya llovida<\/em><\/p>\n<ol>\n<li>BROUWER: <strong><em>Mitolog\u00eda de las aguas <\/em><\/strong>(sonata para flauta y guitarra)<\/li>\n<li><em> Nacimiento del Amazonas<\/em><\/li>\n<li><em> El lago escondido de los Mayas<\/em><\/li>\n<\/ol>\n<p><em>III. El Salto del \u00c1ngel IV. El g\u00fcije<\/em><\/p>\n<p><em>\u00a0<\/em><\/p>\n<p><em>\u00a0<\/em><strong>\u00c1lvaro L. Carrillo <\/strong>Comienza sus estudios de guitarra cl\u00e1sica de mano de Carmen Calero y con 12 a\u00f1os ingresa en el conservatorio profesional \u201cMarcos Redondo\u201d (Pozoblanco), donde estudia durante cinco a\u00f1os con Mar\u00eda Victoria P\u00e9rez. Paralelamente a sus estudios acad\u00e9micos forma parte de diversas orquestas de plectro como la Orquesta de pulso y p\u00faa \u201cRodr\u00edguez Cerrato\u201d, la Orquesta de Plectro \u201cTorre de Alfiler\u201d y la Orquesta de Plectro Andaluza; tocando en teatros de Pamplona, Logro\u00f1o, Madrid, Toledo, Granada, etc. En el 2018 accede al Conservatorio Superior \u201cRafael Orozco\u201d de C\u00f3rdoba, continuando sus estudios de guitarra con el catedr\u00e1tico Javier Riba y desde 2019 comienza el estudio de la especialidad de composici\u00f3n paralelamente a la de int\u00e9rprete, primeramente bajo la tutela de Miguel \u00c1ngel Remiro, y m\u00e1s tarde de la mano de Juan de Dios Garc\u00eda Aguilera. Ha recibido los consejos de figuras como Marco Smaili o Victor Pellegrini. Destaca su inclinaci\u00f3n por la m\u00fasica del siglo XX y XXI y reivindica la necesidad de su interpretaci\u00f3n en las salas de concierto. Como compositor, tiene gran inter\u00e9s por los proyectos interdisciplinares as\u00ed como por el poder comunicativo y expresivo del arte.<\/p>\n<p>&nbsp;<\/p>\n<p><strong>Gabriel Rodr\u00edguez Ramos <\/strong>(flauta) Empieza a tocar la flauta con 5 a\u00f1os en las \u201cEscuelas Art\u00edsticas Municipales de la Villa de Moya\u201d de mano de Adriana Medina. A los 10 a\u00f1os ingresa en el \u201cConservatorio Profesional de M\u00fasica\u201d de Las Palmas de Gran Canaria donde termina el Grado Profesional obteniendo Matr\u00edcula de Honor en la especialidad de flauta travesera. En la actualidad cursa segundo de grado superior en el Conservatorio Superior de C\u00f3rdoba bajo la direcci\u00f3n de Yolanda Gonz\u00e1lez, compagin\u00e1ndolo con sus estudios de jazz junto a su maestro Juan Galiardo, en el Centro de Artes Modernas de M\u00e1laga.<\/p>","excerpt":"","slug":"patios-de-guitarras-alvaro-leoncio-gabriel-rodriguez","image":{"url":"https:\/\/teatrocordoba.es\/festival-guitarra-cordoba\/wp-content\/uploads\/2022\/04\/1080x1080-PALACIO-DE-ORIVE.png","id":5527,"extension":"png","width":1080,"height":1080,"sizes":{"medium":{"width":300,"height":300,"mime-type":"image\/png","url":"https:\/\/teatrocordoba.es\/festival-guitarra-cordoba\/wp-content\/uploads\/2022\/04\/1080x1080-PALACIO-DE-ORIVE-300x300.png"},"large":{"width":1024,"height":1024,"mime-type":"image\/png","url":"https:\/\/teatrocordoba.es\/festival-guitarra-cordoba\/wp-content\/uploads\/2022\/04\/1080x1080-PALACIO-DE-ORIVE-1024x1024.png"},"thumbnail":{"width":150,"height":150,"mime-type":"image\/png","url":"https:\/\/teatrocordoba.es\/festival-guitarra-cordoba\/wp-content\/uploads\/2022\/04\/1080x1080-PALACIO-DE-ORIVE-150x150.png"},"medium_large":{"width":768,"height":768,"mime-type":"image\/png","url":"https:\/\/teatrocordoba.es\/festival-guitarra-cordoba\/wp-content\/uploads\/2022\/04\/1080x1080-PALACIO-DE-ORIVE-768x768.png"},"blog-large":{"width":669,"height":272,"mime-type":"image\/png","url":"https:\/\/teatrocordoba.es\/festival-guitarra-cordoba\/wp-content\/uploads\/2022\/04\/1080x1080-PALACIO-DE-ORIVE-669x272.png"},"blog-medium":{"width":320,"height":202,"mime-type":"image\/png","url":"https:\/\/teatrocordoba.es\/festival-guitarra-cordoba\/wp-content\/uploads\/2022\/04\/1080x1080-PALACIO-DE-ORIVE-320x202.png"},"recent-posts":{"width":700,"height":441,"mime-type":"image\/png","url":"https:\/\/teatrocordoba.es\/festival-guitarra-cordoba\/wp-content\/uploads\/2022\/04\/1080x1080-PALACIO-DE-ORIVE-700x441.png"},"recent-works-thumbnail":{"width":66,"height":66,"mime-type":"image\/png","url":"https:\/\/teatrocordoba.es\/festival-guitarra-cordoba\/wp-content\/uploads\/2022\/04\/1080x1080-PALACIO-DE-ORIVE-66x66.png"},"fusion-200":{"width":200,"height":200,"mime-type":"image\/png","url":"https:\/\/teatrocordoba.es\/festival-guitarra-cordoba\/wp-content\/uploads\/2022\/04\/1080x1080-PALACIO-DE-ORIVE-200x200.png"},"fusion-400":{"width":400,"height":400,"mime-type":"image\/png","url":"https:\/\/teatrocordoba.es\/festival-guitarra-cordoba\/wp-content\/uploads\/2022\/04\/1080x1080-PALACIO-DE-ORIVE-400x400.png"},"fusion-600":{"width":600,"height":600,"mime-type":"image\/png","url":"https:\/\/teatrocordoba.es\/festival-guitarra-cordoba\/wp-content\/uploads\/2022\/04\/1080x1080-PALACIO-DE-ORIVE-600x600.png"},"fusion-800":{"width":800,"height":800,"mime-type":"image\/png","url":"https:\/\/teatrocordoba.es\/festival-guitarra-cordoba\/wp-content\/uploads\/2022\/04\/1080x1080-PALACIO-DE-ORIVE-800x800.png"},"portfolio-full":{"width":940,"height":400,"mime-type":"image\/png","url":"https:\/\/teatrocordoba.es\/festival-guitarra-cordoba\/wp-content\/uploads\/2022\/04\/1080x1080-PALACIO-DE-ORIVE-940x400.png"},"portfolio-one":{"width":540,"height":272,"mime-type":"image\/png","url":"https:\/\/teatrocordoba.es\/festival-guitarra-cordoba\/wp-content\/uploads\/2022\/04\/1080x1080-PALACIO-DE-ORIVE-540x272.png"},"portfolio-two":{"width":460,"height":295,"mime-type":"image\/png","url":"https:\/\/teatrocordoba.es\/festival-guitarra-cordoba\/wp-content\/uploads\/2022\/04\/1080x1080-PALACIO-DE-ORIVE-460x295.png"},"portfolio-three":{"width":300,"height":214,"mime-type":"image\/png","url":"https:\/\/teatrocordoba.es\/festival-guitarra-cordoba\/wp-content\/uploads\/2022\/04\/1080x1080-PALACIO-DE-ORIVE-300x214.png"},"portfolio-five":{"width":177,"height":142,"mime-type":"image\/png","url":"https:\/\/teatrocordoba.es\/festival-guitarra-cordoba\/wp-content\/uploads\/2022\/04\/1080x1080-PALACIO-DE-ORIVE-177x142.png"}}},"all_day":false,"start_date":"2022-07-05 22:00:00","start_date_details":{"year":"2022","month":"07","day":"05","hour":"22","minutes":"00","seconds":"00"},"end_date":"2022-07-05 22:00:00","end_date_details":{"year":"2022","month":"07","day":"05","hour":"22","minutes":"00","seconds":"00"},"utc_start_date":"2022-07-05 22:00:00","utc_start_date_details":{"year":"2022","month":"07","day":"05","hour":"22","minutes":"00","seconds":"00"},"utc_end_date":"2022-07-05 22:00:00","utc_end_date_details":{"year":"2022","month":"07","day":"05","hour":"22","minutes":"00","seconds":"00"},"timezone":"UTC+0","timezone_abbr":"UTC+0","cost":"Entrada libre, hasta completar aforo","cost_details":{"currency_symbol":"","currency_position":"prefix","values":["entrada-libre-hasta-completar-aforo"]},"website":"","show_map":true,"show_map_link":true,"hide_from_listings":false,"sticky":false,"featured":false,"categories":[{"name":"Palacio de Orive 2022","slug":"palacio-de-orive-2022","term_group":0,"term_taxonomy_id":88,"taxonomy":"tribe_events_cat","description":"","parent":0,"count":1,"filter":"raw","term_order":"0","id":88,"urls":{"self":"https:\/\/teatrocordoba.es\/festival-guitarra-cordoba\/wp-json\/tribe\/events\/v1\/categories\/88","collection":"https:\/\/teatrocordoba.es\/festival-guitarra-cordoba\/wp-json\/tribe\/events\/v1\/categories"}}],"tags":[],"venue":{"id":5604,"author":"8","status":"publish","date":"2022-04-06 12:18:20","date_utc":"2022-04-06 12:18:20","modified":"2022-04-06 12:18:20","modified_utc":"2022-04-06 12:18:20","url":"https:\/\/teatrocordoba.es\/festival-guitarra-cordoba\/local\/palacio-de-orive\/","venue":"Palacio de Orive","slug":"palacio-de-orive","address":"Plaza de Orive, 2","city":"C\u00f3rdoba","country":"Espa\u00f1a","province":"C\u00f3rdoba","zip":"14002","stateprovince":"C\u00f3rdoba","json_ld":{"@type":"Place","name":"Palacio de Orive","description":"","url":"","address":{"@type":"PostalAddress","streetAddress":"Plaza de Orive, 2","addressLocality":"C\u00f3rdoba","addressRegion":"C\u00f3rdoba","postalCode":"14002","addressCountry":"Espa\u00f1a"},"telephone":"","sameAs":""},"show_map":true,"show_map_link":true,"global_id":"teatrocordoba.es\/festival-guitarra-cordoba?id=5604","global_id_lineage":["teatrocordoba.es\/festival-guitarra-cordoba?id=5604"]},"organizer":[{"id":703,"author":"4","status":"publish","date":"2016-03-17 13:45:31","date_utc":"2016-03-17 13:45:31","modified":"2022-05-25 11:12:10","modified_utc":"2022-05-25 11:12:10","url":"https:\/\/teatrocordoba.es\/festival-guitarra-cordoba\/organizador\/avada-south-campus\/","organizer":"IMAE","slug":"avada-south-campus","phone":"957 48 02 92 - 957 48 06 44","website":"https:\/\/teatrocordoba.es\/","email":"comunicacion@teatrocordoba.org","json_ld":{"@type":"Person","name":"IMAE","description":"","url":"","telephone":"957 48 02 92 - 957 48 06 44","email":"co&#109;unicaci&#111;n&#64;&#116;e&#97;&#116;r&#111;c&#111;&#114;do&#98;a.o&#114;g","sameAs":"https:\/\/teatrocordoba.es\/"},"global_id":"teatrocordoba.es\/festival-guitarra-cordoba?id=703","global_id_lineage":["teatrocordoba.es\/festival-guitarra-cordoba?id=703"]}],"json_ld":{"@context":"http:\/\/schema.org","@type":"Event","name":"PATIOS DE GUITARRA \/ \u00c1LVARO LEONCIO \/ GABRIEL RODR\u00cdGUEZ","description":"&lt;p&gt;Confesiones desde el silencio: m\u00fasicas de nuestro tiempo \u00a0 \u00c1lvaro Leoncio Carrillo (guitarra) Gabriel Rodr\u00edguez Ramos (flauta) \u00a0 PROGRAMA: T\u00c1RREGA: Preludios (selecci\u00f3n) W. HENZE: Tres Tientos SMAILI: \u2026y el canto se hizo vuelo La almohada de los sue\u00f1os Noche alta III. La luz ya llovida BROUWER: Mitolog\u00eda de las aguas (sonata para flauta y guitarra) Nacimiento del Amazonas El lago escondido de los Mayas III. El Salto del \u00c1ngel IV. El g\u00fcije \u00a0 \u00a0\u00c1lvaro L. Carrillo Comienza sus estudios de guitarra cl\u00e1sica de mano de Carmen Calero y con 12 a\u00f1os ingresa en el conservatorio profesional \u201cMarcos Redondo\u201d (Pozoblanco), donde estudia [&hellip;]&lt;\/p&gt;\\n","image":"https:\/\/teatrocordoba.es\/festival-guitarra-cordoba\/wp-content\/uploads\/2022\/04\/1080x1080-PALACIO-DE-ORIVE.png","url":"https:\/\/teatrocordoba.es\/festival-guitarra-cordoba\/eventos\/patios-de-guitarras-alvaro-leoncio-gabriel-rodriguez\/","startDate":"2022-07-05T22:00:00+00:00","endDate":"2022-07-05T22:00:00+00:00","location":{"@type":"Place","name":"Palacio de Orive","description":"","url":"","address":{"@type":"PostalAddress","streetAddress":"Plaza de Orive, 2","addressLocality":"C\u00f3rdoba","addressRegion":"C\u00f3rdoba","postalCode":"14002","addressCountry":"Espa\u00f1a"},"telephone":"","sameAs":""},"organizer":{"@type":"Person","name":"IMAE","description":"","url":"","telephone":"957 48 02 92 - 957 48 06 44","email":"&#99;&#111;&#109;u&#110;ic&#97;&#99;&#105;o&#110;&#64;tea&#116;&#114;&#111;&#99;o&#114;do&#98;a&#46;o&#114;g","sameAs":"https:\/\/teatrocordoba.es\/"},"offers":{"@type":"Offer","price":"Entrada libre, hasta completar aforo","priceCurrency":"USD","url":"https:\/\/teatrocordoba.es\/festival-guitarra-cordoba\/eventos\/patios-de-guitarras-alvaro-leoncio-gabriel-rodriguez\/","category":"primary","availability":"inStock","validFrom":"1970-01-01T00:00:00+00:00"},"performer":"Organization"}}