{"id":4160,"date":"2019-07-05T11:45:40","date_gmt":"2019-07-05T11:45:40","guid":{"rendered":"https:\/\/guitarracordoba.es\/?p=4160"},"modified":"2019-07-05T11:45:40","modified_gmt":"2019-07-05T11:45:40","slug":"actividades-sabado-6-julio","status":"publish","type":"post","link":"https:\/\/teatrocordoba.es\/festival-guitarra-cordoba\/actividades-sabado-6-julio\/","title":{"rendered":"Actividades s\u00e1bado 6 julio"},"content":{"rendered":"<div class=\"fusion-fullwidth fullwidth-box fusion-builder-row-1 nonhundred-percent-fullwidth non-hundred-percent-height-scrolling\" style=\"background-color: rgba(255,255,255,0);background-position: center center;background-repeat: no-repeat;padding-top:0px;padding-right:0px;padding-bottom:0px;padding-left:0px;margin-bottom: 0px;margin-top: 0px;border-width: 0px 0px 0px 0px;border-color:#e7e4e2;border-style:solid;\" ><div class=\"fusion-builder-row fusion-row\"><div class=\"fusion-layout-column fusion_builder_column fusion-builder-column-0 fusion_builder_column_1_1 1_1 fusion-one-full fusion-column-first fusion-column-last\" style=\"margin-top:0px;margin-bottom:0px;\"><div class=\"fusion-column-wrapper fusion-flex-column-wrapper-legacy\" style=\"background-position:left top;background-repeat:no-repeat;-webkit-background-size:cover;-moz-background-size:cover;-o-background-size:cover;background-size:cover;padding: 0px 0px 0px 0px;\"><div class=\"fusion-text fusion-text-1\" style=\"transform:translate3d(0,0,0);\"><ul>\n<li><strong>El Patio de los Naranjos acoge un concierto homenaje a Joaqu\u00edn Rodrigo a cargo de la Orquesta de C\u00f3rdoba y los guitarristas Ca\u00f1izares y Jos\u00e9 Mar\u00eda Gallardo <\/strong><\/li>\n<li><strong>Iv\u00e1n Ferreiro llega al Teatro de La Axerqu\u00eda con su gira <em>Casa<\/em><\/strong><\/li>\n<li><strong>Comienza el curso de David Russell (guitarra cl\u00e1sica)<\/strong><\/li>\n<\/ul>\n<h3><strong>Homenaje a Joaqu\u00edn Rodrigo<\/strong><\/h3>\n<p><strong>Orquesta de C\u00f3rdoba \/ Ca\u00f1izares \/ Jos\u00e9 Mar\u00eda Gallardo<\/strong><\/p>\n<p><strong>Patio de los Naranjos de la Mezquita-Catedral (22:30 horas)<\/strong><\/p>\n<p>El Festival de la Guitarra de C\u00f3rdoba incorpora en esta edici\u00f3n nuevos escenarios para albergar un ciclo de espect\u00e1culos dedicado al patrimonio cultural de la ciudad bajo el t\u00edtulo <em>La guitarra&#8230; nuestro patrimonio<\/em>. La propuesta pretende unir el instrumento de las seis cuerdas con las cuatro declaraciones como Patrimonio Mundial recibidas de la Unesco desde 1984: la Mezquita, ese a\u00f1o; el Casco Hist\u00f3rico (1994), la fiesta de los Patios (2012) y, por \u00faltimo, Medina Azahara (2018).<\/p>\n<p>El primero de los conciertos de este ciclo tendr\u00e1 lugar en la Mezquita-Catedral, en su Patio de los Naranjos. Adem\u00e1s de la singularidad del espacio, este espect\u00e1culo tiene como nota distintiva el estar concebido como un homenaje al maestro Joaqu\u00edn Rodrigo\u00a0 (1901-1999), de cuyo fallecimiento se celebra este a\u00f1o el 20 aniversario. El programa incluye el Concierto de Aranjuez, un ejemplo definitivo de su brillante personalidad musical y una obra que le traer\u00eda fama universal. Respecto a la tarea a la que dedic\u00f3 su vida, el compositor valenciano aseguraba: \u201cHe nacido en el mundo de la composici\u00f3n en la \u00e9poca del impresionismo. Yo siempre me he esforzado en escribir una m\u00fasica clara, muy latina, y sobre todo sincera. No busco el benepl\u00e1cito del p\u00fablico, pero me gusta gustar\u201d.<\/p>\n<p>El concierto cuenta con la participaci\u00f3n de la Orquesta de C\u00f3rdoba, junto con dos prestigiosos guitarristas y compositores: el flamenco Ca\u00f1izares y el int\u00e9rprete cl\u00e1sico Jos\u00e9 Mar\u00eda Gallardo del Rey, que presentar\u00e1n sendas obras compuestas ex profeso para honrar al maestro Rodrigo. En la direcci\u00f3n, el titular de la Orquesta, Carlos Dom\u00ednguez-Nieto.<\/p>\n<p>El programa elegido comienza con el<em> Concierto Mediterr\u00e1neo para Guitarra y Orquesta a la memoria de Joaqu\u00edn Rodrigo, <\/em>obra compuesta e interpretada por Ca\u00f1izares. A continuaci\u00f3n<em>, Fantas\u00eda para un gentilhombre, <\/em>una pieza de Joaqu\u00edn Rodrigo en la que sonar\u00e1 la guitarra solista de Jos\u00e9 Mar\u00eda Gallardo del Rey<em>. <\/em>Del mismo compositor e int\u00e9rprete<em>, <\/em>podr\u00e1 escucharse tras la pausa<em> Diamantes para Aranjuez. <\/em>Y, por \u00faltimo, el<em> Concierto de Aranjuez, <\/em>con la guitarra flamenca de Ca\u00f1izares como solista<em>. <\/em><\/p>\n<p><em>\u00a0<\/em><\/p>\n<h3><strong>Iv\u00e1n Ferreiro: <em>Casa<\/em><\/strong><\/h3>\n<p><strong>Teatro de la Axerqu\u00eda (22:30 horas)<\/strong><\/p>\n<p>La gira de su disco <em>Casa<\/em> trae al Festival de la Guitarra de C\u00f3rdoba a Iv\u00e1n Ferreiro,\u00a0\u00a0 cantante, compositor y art\u00edfice a lo largo de su carrera de una colecci\u00f3n de temas de los que dejan huella. Ma\u00f1ana s\u00e1bado 6 de julio, el artista gallego sube al escenario de La Axerqu\u00eda para ofrecer, seg\u00fan sus palabras, un tour que \u201ccontiene lo que para m\u00ed es mi mejor repertorio elevado a su m\u00e1ximo exponente de interpretaci\u00f3n, emoci\u00f3n y amistad\u201d. Hace ya dos a\u00f1os que se inici\u00f3 la gira de <em>Casa<\/em> (2016), pero para Ferreiro este tramo final \u201cva a ser el mejor de todos, gracias a \u201cuna banda rodada que permite que las canciones fluyan y donde todos damos lo mejor de nosotros mismos\u201d.<\/p>\n<p>Durante 13 a\u00f1os, all\u00e1 por los 90, lider\u00f3 Los Piratas una de las bandas de pop-rock m\u00e1s influyentes de la escena nacional en aquella \u00e9poca. Tras la separaci\u00f3n del grupo en 2003, Ferreiro desapareci\u00f3 un tiempo del espacio musical hasta que inicia su carrera en solitario en 2005 con el \u00e1lbum <em>Canciones para el Tiempo y la<\/em> <em>Distancia<\/em>, su debut como solista. Despu\u00e9s de aquel disco con temas propios creados junto a su hermano Amaro, vendr\u00edan ocho trabajos m\u00e1s que lo han situado en la actualidad como uno de los cantantes y compositores espa\u00f1oles m\u00e1s respetados. En opini\u00f3n de la cr\u00edtica, Iv\u00e1n Ferreiro es una pieza indispensable para comprender la escena indie de nuestro pa\u00eds, merced a su personalidad inimitable y unas canciones honestas, con letras comprometidas, oscuras y reflexivas.<\/p>\n<p>En la presentaci\u00f3n de la gira 2019 de <em>Casa<\/em> -disco al que ha seguido en 2018 <em>Cena<\/em> <em>recalentada<\/em>, un homenaje a la m\u00edtica banda gallega Golpes Bajos con versiones de unas canciones ya cl\u00e1sicas del pop espa\u00f1ol, adaptadas a la actualidad-, Ferreiro afirma que \u201cdespu\u00e9s de 27 a\u00f1os de carrera ininterrumpida creo que por fin he llegado al lugar con el que so\u00f1aba cuando era un adolescente. Tengo la banda perfecta, con m\u00fasicos excepcionales que consiguen que mis canciones lleguen a lo m\u00e1s alto. Bienvenidos a casa\u201d. La banda de la que habla la componen Amaro Ferreiro (guitarra), Marti\u00f1o (teclados), Pablo Novoa (teclados), Ricky Faulkner (bajo), Xavi Molero (bater\u00eda) y Emilio Saiz (guitarra).<\/p>\n<p>\u00bfY qu\u00e9 significa \u201ccasa\u201d para el m\u00fasico gallego? Pues \u201cel lugar donde est\u00e1n los que te quieren y te cuidan\u201d. Llevaba tanto tiempo de gira y haciendo discos, explica,\u00a0 que sinti\u00f3 una necesidad imperiosa de parar \u201cy quedarme quieto en un sitio\u201d. Y de ah\u00ed sali\u00f3 <em>Casa<\/em>, que seg\u00fan su creador\u00a0 \u201ces uno de los mejores discos que he hecho, porque es la primera vez en muchos a\u00f1os que lo hago solo, porque no es lo mismo escribir y marcharte el jueves de gira\u201d. Y tambi\u00e9n es, a\u00f1ade, su disco \u201cm\u00e1s optimista\u201d.<\/p>\n<h3><strong>Programa Formativo<\/strong><\/h3>\n<p><strong>Curso de David Russell<\/strong><\/p>\n<p>Habitual en el Festival de la Guitarra de C\u00f3rdoba como concertista y profesor, David Russell imparte en el sal\u00f3n de actos de la Casa \u00c1rabe, durante los d\u00edas 6 y 7 de julio,\u00a0 su curso <em>Desarrollo de la interpretaci\u00f3n musical y t\u00e9cnica en la guitarra cl\u00e1sica<\/em>. El horario de las clases es de 10:00 a 14:00 horas.<\/p>\n<h3><strong>Actividades paralelas: <em>Guitarras callejeras<\/em><\/strong><\/h3>\n<p>El Festival de la Guitarra de C\u00f3rdoba y Estrella Galicia, con la colaboraci\u00f3n de la Casa de la Juventud, presentan por segundo a\u00f1o una programaci\u00f3n de actuaciones e ilustradores en vivo que pretenden promocionar a pie de calle el potencial creativo de la juventud cordobesa. Guitarras callejeras lleva la m\u00fasica a puntos del Casco Hist\u00f3rico, que cumple 25 a\u00f1os de su declaraci\u00f3n como Patrimonio de la Humanidad, y locales de ocio, acompa\u00f1ados de ilustradores e ilustradoras.<\/p>\n<p>Dentro del ciclo, <em>Guitarras Callejeras<\/em>, ma\u00f1ana a las 22.30 h. en Puerta Sevilla actuar\u00e1 Luc\u00eda Padilla y la ilustraci\u00f3n en directo a cargo de V\u00edctor G\u00f3mez \u201cVGGink\u201d<\/p>\n<h3><strong>Actividades paralelas: La S\u00e9ptima Cuerda<\/strong><\/h3>\n<p>Dentro de las actividades paralelas de la 39 edici\u00f3n del Festival de la Guitarra, diversos locales de ocio cordobeses se convierten en punto de encuentro de espectadores y m\u00fasicos, bajo el patrocinio de Estrella Galicia, en una apuesta por convertirse en lugares de encuentro de los espectadores del evento.<\/p>\n<p>Dentro del ciclo, la <em>S\u00e9ptima Cuerda<\/em>, ma\u00f1ana a las 22.00 h. en la Sala Hangar estar\u00e1 Mr. Mackenzie y a las 23.00 h. en el Caf\u00e9 M\u00e1laga actuar\u00e1n Paul Maborda &amp; Rafa Torres (Jazz Manouche).<\/p>\n<p><strong>M\u00e1s informaci\u00f3n<\/strong>\u00a0\u00a0 <strong>\u00a0\u00a0\u00a0\u00a0<\/strong><\/p>\n<p><a href=\"http:\/\/www.guitarracordoba.es\">www.guitarracordoba.es<\/a><\/p>\n<p><strong>Descarga de material\u00a0 (fotos, v\u00eddeos, textos)<\/strong><\/p>\n<p><a href=\"https:\/\/drive.google.com\/drive\/folders\/15js_FjjN0naQbPtClybp_ACkTxr1h16s\">Pincha aqu\u00ed para acceder a nuestra web de descarga<\/a><\/p>\n<\/div><div class=\"fusion-clearfix\"><\/div><\/div><\/div><\/div><\/div>\n","protected":false},"excerpt":{"rendered":"","protected":false},"author":4,"featured_media":4161,"comment_status":"open","ping_status":"open","sticky":false,"template":"","format":"standard","meta":[],"categories":[36],"tags":[],"acf":[],"_links":{"self":[{"href":"https:\/\/teatrocordoba.es\/festival-guitarra-cordoba\/wp-json\/wp\/v2\/posts\/4160"}],"collection":[{"href":"https:\/\/teatrocordoba.es\/festival-guitarra-cordoba\/wp-json\/wp\/v2\/posts"}],"about":[{"href":"https:\/\/teatrocordoba.es\/festival-guitarra-cordoba\/wp-json\/wp\/v2\/types\/post"}],"author":[{"embeddable":true,"href":"https:\/\/teatrocordoba.es\/festival-guitarra-cordoba\/wp-json\/wp\/v2\/users\/4"}],"replies":[{"embeddable":true,"href":"https:\/\/teatrocordoba.es\/festival-guitarra-cordoba\/wp-json\/wp\/v2\/comments?post=4160"}],"version-history":[{"count":3,"href":"https:\/\/teatrocordoba.es\/festival-guitarra-cordoba\/wp-json\/wp\/v2\/posts\/4160\/revisions"}],"predecessor-version":[{"id":4164,"href":"https:\/\/teatrocordoba.es\/festival-guitarra-cordoba\/wp-json\/wp\/v2\/posts\/4160\/revisions\/4164"}],"wp:featuredmedia":[{"embeddable":true,"href":"https:\/\/teatrocordoba.es\/festival-guitarra-cordoba\/wp-json\/wp\/v2\/media\/4161"}],"wp:attachment":[{"href":"https:\/\/teatrocordoba.es\/festival-guitarra-cordoba\/wp-json\/wp\/v2\/media?parent=4160"}],"wp:term":[{"taxonomy":"category","embeddable":true,"href":"https:\/\/teatrocordoba.es\/festival-guitarra-cordoba\/wp-json\/wp\/v2\/categories?post=4160"},{"taxonomy":"post_tag","embeddable":true,"href":"https:\/\/teatrocordoba.es\/festival-guitarra-cordoba\/wp-json\/wp\/v2\/tags?post=4160"}],"curies":[{"name":"wp","href":"https:\/\/api.w.org\/{rel}","templated":true}]}}