{"id":5085,"date":"2021-07-13T11:48:43","date_gmt":"2021-07-13T11:48:43","guid":{"rendered":"https:\/\/teatrocordoba.es\/festival-guitarra-cordoba\/?p=5085"},"modified":"2021-07-13T12:05:20","modified_gmt":"2021-07-13T12:05:20","slug":"loquillo-actuara-en-la-axerquia-el-sabado-11-de-septiembre","status":"publish","type":"post","link":"https:\/\/teatrocordoba.es\/festival-guitarra-cordoba\/loquillo-actuara-en-la-axerquia-el-sabado-11-de-septiembre\/","title":{"rendered":"Loquillo actuar\u00e1 en La Axerqu\u00eda el s\u00e1bado, 11 de septiembre"},"content":{"rendered":"<div class=\"fusion-fullwidth fullwidth-box fusion-builder-row-1 nonhundred-percent-fullwidth non-hundred-percent-height-scrolling\" style=\"background-color: rgba(255,255,255,0);background-position: center center;background-repeat: no-repeat;padding-top:0px;padding-right:0px;padding-bottom:0px;padding-left:0px;margin-bottom: 0px;margin-top: 0px;border-width: 0px 0px 0px 0px;border-color:#e7e4e2;border-style:solid;\" ><div class=\"fusion-builder-row fusion-row\"><div class=\"fusion-layout-column fusion_builder_column fusion-builder-column-0 fusion_builder_column_1_1 1_1 fusion-one-full fusion-column-first fusion-column-last\" style=\"margin-top:0px;margin-bottom:0px;\"><div class=\"fusion-column-wrapper fusion-flex-column-wrapper-legacy\" style=\"background-position:left top;background-repeat:no-repeat;-webkit-background-size:cover;-moz-background-size:cover;-o-background-size:cover;background-size:cover;padding: 0px 0px 0px 0px;\"><div class=\"fusion-text fusion-text-1\" style=\"transform:translate3d(0,0,0);\"><p><strong>El Festival de la Guitarra y Loquillo han cerrado un acuerdo para que se lleve a cabo el concierto suspendido el pasado 10 de julio<\/strong><\/p>\n<p>La organizaci\u00f3n del Festival de la Guitarra de C\u00f3rdoba y Loquillo han alcanzado un acuerdo para celebrar de nuevo el concierto que el artista suspendi\u00f3 por problemas de salud el pasado 10 de julio. El m\u00fasico catal\u00e1n actuar\u00e1 en La Axerqu\u00eda el s\u00e1bado 11 de septiembre.<\/p>\n<p>Como ya informamos hace unos d\u00edas, Loquillo tuvo que cancelar su concierto por motivos de salud tras su tercera canci\u00f3n. El propio artista ha informado en sus redes que sufre una laringitis aguda de la que se est\u00e1 recuperando, lo que le produjo una fuerte afon\u00eda que impidi\u00f3 realizar el espect\u00e1culo. Desde el Festival de la Guitarra queremos agradecer la predisposici\u00f3n de Loquillo, que se ha comprometido a dar un concierto completo y en exclusiva en esta nueva fecha.<\/p>\n<p>Las entradas adquiridas para el concierto del 10 de julio ser\u00e1n v\u00e1lidas para esta nueva fecha. Aun as\u00ed, quienes est\u00e9n interesados en obtener la devoluci\u00f3n de la entrada podr\u00e1n solicitarla entre el 19 y el 28 de julio. Por un lado, quienes compraran sus entradas en taquilla tendr\u00e1n que acudir a la taquilla de Gran Teatro para proceder a la devoluci\u00f3n bajo turno o cita previa.<\/p>\n<p>Por otro lado, para las entradas adquiridas por Internet, las personas interesadas tendr\u00e1n que reenviar el correo con las entradas adjuntas a <a href=\"mailto:taquilla.imae@ayuncordoba.es\">taquilla.imae@ayuncordoba.es<\/a>, poniendo en el asunto DEVOLUCI\u00d3N LOQUILLO. Este mismo correo estar\u00e1 disponible para resolver cualquier duda que pueda surgir.<\/p>\n<\/div><div class=\"fusion-clearfix\"><\/div><\/div><\/div><\/div><\/div>\n","protected":false},"excerpt":{"rendered":"","protected":false},"author":4,"featured_media":5095,"comment_status":"open","ping_status":"open","sticky":false,"template":"","format":"standard","meta":[],"categories":[1],"tags":[],"acf":[],"_links":{"self":[{"href":"https:\/\/teatrocordoba.es\/festival-guitarra-cordoba\/wp-json\/wp\/v2\/posts\/5085"}],"collection":[{"href":"https:\/\/teatrocordoba.es\/festival-guitarra-cordoba\/wp-json\/wp\/v2\/posts"}],"about":[{"href":"https:\/\/teatrocordoba.es\/festival-guitarra-cordoba\/wp-json\/wp\/v2\/types\/post"}],"author":[{"embeddable":true,"href":"https:\/\/teatrocordoba.es\/festival-guitarra-cordoba\/wp-json\/wp\/v2\/users\/4"}],"replies":[{"embeddable":true,"href":"https:\/\/teatrocordoba.es\/festival-guitarra-cordoba\/wp-json\/wp\/v2\/comments?post=5085"}],"version-history":[{"count":2,"href":"https:\/\/teatrocordoba.es\/festival-guitarra-cordoba\/wp-json\/wp\/v2\/posts\/5085\/revisions"}],"predecessor-version":[{"id":5096,"href":"https:\/\/teatrocordoba.es\/festival-guitarra-cordoba\/wp-json\/wp\/v2\/posts\/5085\/revisions\/5096"}],"wp:featuredmedia":[{"embeddable":true,"href":"https:\/\/teatrocordoba.es\/festival-guitarra-cordoba\/wp-json\/wp\/v2\/media\/5095"}],"wp:attachment":[{"href":"https:\/\/teatrocordoba.es\/festival-guitarra-cordoba\/wp-json\/wp\/v2\/media?parent=5085"}],"wp:term":[{"taxonomy":"category","embeddable":true,"href":"https:\/\/teatrocordoba.es\/festival-guitarra-cordoba\/wp-json\/wp\/v2\/categories?post=5085"},{"taxonomy":"post_tag","embeddable":true,"href":"https:\/\/teatrocordoba.es\/festival-guitarra-cordoba\/wp-json\/wp\/v2\/tags?post=5085"}],"curies":[{"name":"wp","href":"https:\/\/api.w.org\/{rel}","templated":true}]}}