{"id":7850,"date":"2024-07-06T07:19:47","date_gmt":"2024-07-06T07:19:47","guid":{"rendered":"https:\/\/teatrocordoba.es\/festival-guitarra-cordoba\/?p=7850"},"modified":"2024-07-08T05:11:10","modified_gmt":"2024-07-08T05:11:10","slug":"robe-pisa-fuerte-en-la-axerquia-con-su-nuevo-disco-en-el-festival-de-la-guitarra","status":"publish","type":"post","link":"https:\/\/teatrocordoba.es\/festival-guitarra-cordoba\/robe-pisa-fuerte-en-la-axerquia-con-su-nuevo-disco-en-el-festival-de-la-guitarra\/","title":{"rendered":"Robe pisa fuerte en La Axerqu\u00eda con su nuevo disco en el Festival de la Guitarra"},"content":{"rendered":"<div class=\"fusion-fullwidth fullwidth-box fusion-builder-row-1 nonhundred-percent-fullwidth non-hundred-percent-height-scrolling\" style=\"background-color: rgba(255,255,255,0);background-position: center center;background-repeat: no-repeat;padding-top:0px;padding-right:0px;padding-bottom:0px;padding-left:0px;margin-bottom: 0px;margin-top: 0px;border-width: 0px 0px 0px 0px;border-color:#e7e4e2;border-style:solid;\" ><div class=\"fusion-builder-row fusion-row\"><div class=\"fusion-layout-column fusion_builder_column fusion-builder-column-0 fusion_builder_column_1_1 1_1 fusion-one-full fusion-column-first fusion-column-last\" style=\"margin-top:0px;margin-bottom:0px;\"><div class=\"fusion-column-wrapper fusion-flex-column-wrapper-legacy\" style=\"background-position:left top;background-repeat:no-repeat;-webkit-background-size:cover;-moz-background-size:cover;-o-background-size:cover;background-size:cover;padding: 0px 0px 0px 0px;\"><div class=\"fusion-text fusion-text-1\" style=\"transform:translate3d(0,0,0);\"><p style=\"text-align: center;\"><strong>El Programa Formativo contin\u00faa con los cursos de Ricardo Gall\u00e9n, Ca\u00f1izares y Pablo Salinas previos a sus conciertos<\/strong><\/p>\n<p>Robe ha sido el indiscutible protagonista de la noche en La Axerqu\u00eda con un concierto que ya se preve\u00eda inolvidable. El artista ha pasado por el Festival de la Guitarra con su gira <em>Ni santos ni inocentes<\/em>, que le ha llevado por toda Espa\u00f1a y ha agotado las entradas en C\u00f3rdoba.<\/p>\n<p>Esta gira le ha servido de presentaci\u00f3n de <em>Se nos lleva el aire<\/em>, su flamante y esperado nuevo disco, que llega tras el \u00e9xito incontestable de su predecesor, el laureado disco de oro <em>May\u00e9utica<\/em>.<\/p>\n<p>En este concierto ha compartido con la ciudad de C\u00f3rdoba un repertorio de m\u00e1s de una veintena de canciones cantadas por los 4.000 asistentes. Ha presentado temas como <em>El hombre p\u00e1jaro<\/em> y ha recordado otros de Extremoduro como <em>Dulce introducci\u00f3n al caos<\/em>.<\/p>\n<p>Al escenario del Teatro G\u00f3ngora se ha subido en esta ocasi\u00f3n Anabel Montesinos, guitarrista cuyo programa ha incluido piezas de Bach, Piazzolla y Alb\u00e9niz, entre otros grandes compositores. Montesinos ha recibido m\u00e1s de una decena de primeros premios internacionales y ha sido la ganadora m\u00e1s joven del Certamen Internacional de Guitarra Francisco T\u00e1rrega. Su recital ha sido acogido en el teatro con el silencio propio del respeto y la admiraci\u00f3n ante lo que se vive sobre el escenario.<\/p>\n<p><strong>Tercer d\u00eda del Programa Formativo<\/strong><\/p>\n<p>El Conservatorio Superior de M\u00fasica Rafael Orozco ha acogido las clases de tres cursos diferentes que comenzaron d\u00edas atr\u00e1s. El guitarrista Ricardo Gall\u00e9n ha concluido hoy su curso de tres d\u00edas de duraci\u00f3n sobre la digitaci\u00f3n guitarrista, que ha permitido que guitarristas noveles de Espa\u00f1a y Estados Unidos puedan aprender herramientas de dicho profesional.<\/p>\n<p><img class=\"aligncenter wp-image-7851 size-fusion-800\" src=\"https:\/\/teatrocordoba.es\/festival-guitarra-cordoba\/wp-content\/uploads\/2024\/07\/ricardo-Gallen-alumnos-800x600.jpg\" alt=\"\" width=\"800\" height=\"600\" srcset=\"https:\/\/teatrocordoba.es\/festival-guitarra-cordoba\/wp-content\/uploads\/2024\/07\/ricardo-Gallen-alumnos-200x150.jpg 200w, https:\/\/teatrocordoba.es\/festival-guitarra-cordoba\/wp-content\/uploads\/2024\/07\/ricardo-Gallen-alumnos-300x225.jpg 300w, https:\/\/teatrocordoba.es\/festival-guitarra-cordoba\/wp-content\/uploads\/2024\/07\/ricardo-Gallen-alumnos-400x300.jpg 400w, https:\/\/teatrocordoba.es\/festival-guitarra-cordoba\/wp-content\/uploads\/2024\/07\/ricardo-Gallen-alumnos-600x450.jpg 600w, https:\/\/teatrocordoba.es\/festival-guitarra-cordoba\/wp-content\/uploads\/2024\/07\/ricardo-Gallen-alumnos-768x576.jpg 768w, https:\/\/teatrocordoba.es\/festival-guitarra-cordoba\/wp-content\/uploads\/2024\/07\/ricardo-Gallen-alumnos-800x600.jpg 800w, https:\/\/teatrocordoba.es\/festival-guitarra-cordoba\/wp-content\/uploads\/2024\/07\/ricardo-Gallen-alumnos-1024x768.jpg 1024w, https:\/\/teatrocordoba.es\/festival-guitarra-cordoba\/wp-content\/uploads\/2024\/07\/ricardo-Gallen-alumnos-1200x900.jpg 1200w, https:\/\/teatrocordoba.es\/festival-guitarra-cordoba\/wp-content\/uploads\/2024\/07\/ricardo-Gallen-alumnos-1536x1152.jpg 1536w, https:\/\/teatrocordoba.es\/festival-guitarra-cordoba\/wp-content\/uploads\/2024\/07\/ricardo-Gallen-alumnos.jpg 1824w\" sizes=\"(max-width: 800px) 100vw, 800px\" \/><\/p>\n<p>Asimismo, Ca\u00f1izares contin\u00faa compartiendo con sus alumnos los m\u00e9todos originales creados por \u00e9l mismo para perfeccionar su t\u00e9cnica y expresi\u00f3n art\u00edstica. Por otro lado, Pablo Salinas, creador de Sinfonity, prepara a sus alumnos con clases semejantes a ensayos profesionales. De esta forma, tendr\u00e1n la oportunidad de subirse al escenario en el Festival de la Guitarra de la mano de la orquesta Sinfonity.<\/p>\n<\/div><div class=\"fusion-clearfix\"><\/div><\/div><\/div><\/div><\/div>\n","protected":false},"excerpt":{"rendered":"","protected":false},"author":6,"featured_media":7856,"comment_status":"open","ping_status":"open","sticky":false,"template":"","format":"standard","meta":[],"categories":[120],"tags":[],"acf":[],"_links":{"self":[{"href":"https:\/\/teatrocordoba.es\/festival-guitarra-cordoba\/wp-json\/wp\/v2\/posts\/7850"}],"collection":[{"href":"https:\/\/teatrocordoba.es\/festival-guitarra-cordoba\/wp-json\/wp\/v2\/posts"}],"about":[{"href":"https:\/\/teatrocordoba.es\/festival-guitarra-cordoba\/wp-json\/wp\/v2\/types\/post"}],"author":[{"embeddable":true,"href":"https:\/\/teatrocordoba.es\/festival-guitarra-cordoba\/wp-json\/wp\/v2\/users\/6"}],"replies":[{"embeddable":true,"href":"https:\/\/teatrocordoba.es\/festival-guitarra-cordoba\/wp-json\/wp\/v2\/comments?post=7850"}],"version-history":[{"count":5,"href":"https:\/\/teatrocordoba.es\/festival-guitarra-cordoba\/wp-json\/wp\/v2\/posts\/7850\/revisions"}],"predecessor-version":[{"id":7878,"href":"https:\/\/teatrocordoba.es\/festival-guitarra-cordoba\/wp-json\/wp\/v2\/posts\/7850\/revisions\/7878"}],"wp:featuredmedia":[{"embeddable":true,"href":"https:\/\/teatrocordoba.es\/festival-guitarra-cordoba\/wp-json\/wp\/v2\/media\/7856"}],"wp:attachment":[{"href":"https:\/\/teatrocordoba.es\/festival-guitarra-cordoba\/wp-json\/wp\/v2\/media?parent=7850"}],"wp:term":[{"taxonomy":"category","embeddable":true,"href":"https:\/\/teatrocordoba.es\/festival-guitarra-cordoba\/wp-json\/wp\/v2\/categories?post=7850"},{"taxonomy":"post_tag","embeddable":true,"href":"https:\/\/teatrocordoba.es\/festival-guitarra-cordoba\/wp-json\/wp\/v2\/tags?post=7850"}],"curies":[{"name":"wp","href":"https:\/\/api.w.org\/{rel}","templated":true}]}}