{"id":7867,"date":"2024-07-08T05:07:02","date_gmt":"2024-07-08T05:07:02","guid":{"rendered":"https:\/\/teatrocordoba.es\/festival-guitarra-cordoba\/?p=7867"},"modified":"2024-07-08T05:09:39","modified_gmt":"2024-07-08T05:09:39","slug":"el-cante-de-carmen-linares-y-la-guitarra-de-canizares-cierran-el-fin-de-semana-en-el-festival-de-la-guitarra","status":"publish","type":"post","link":"https:\/\/teatrocordoba.es\/festival-guitarra-cordoba\/el-cante-de-carmen-linares-y-la-guitarra-de-canizares-cierran-el-fin-de-semana-en-el-festival-de-la-guitarra\/","title":{"rendered":"El cante de Carmen Linares y la guitarra de Ca\u00f1izares cierran el fin de semana en el Festival de la Guitarra"},"content":{"rendered":"<div class=\"fusion-fullwidth fullwidth-box fusion-builder-row-1 nonhundred-percent-fullwidth non-hundred-percent-height-scrolling\" style=\"background-color: rgba(255,255,255,0);background-position: center center;background-repeat: no-repeat;padding-top:0px;padding-right:0px;padding-bottom:0px;padding-left:0px;margin-bottom: 0px;margin-top: 0px;border-width: 0px 0px 0px 0px;border-color:#e7e4e2;border-style:solid;\" ><div class=\"fusion-builder-row fusion-row\"><div class=\"fusion-layout-column fusion_builder_column fusion-builder-column-0 fusion_builder_column_1_1 1_1 fusion-one-full fusion-column-first fusion-column-last\" style=\"margin-top:0px;margin-bottom:0px;\"><div class=\"fusion-column-wrapper fusion-flex-column-wrapper-legacy\" style=\"background-position:left top;background-repeat:no-repeat;-webkit-background-size:cover;-moz-background-size:cover;-o-background-size:cover;background-size:cover;padding: 0px 0px 0px 0px;\"><div class=\"fusion-text fusion-text-1\" style=\"transform:translate3d(0,0,0);\"><p style=\"text-align: center;\"><strong>El Programa Formativo ha dado la bienvenida al guitarrista Antonio Rey y la bailaora Rafaela Carrasco<\/strong><\/p>\n<p>La cantaora Carmen Linares ha acompa\u00f1ado su cante con el tr\u00edo de flamenco-jazz formado por Jorge Pardo, Carles Benavent y Tino di Geraldo, y han presentado <em>Cu4tro <\/em>en el Festival de la Guitarra. El p\u00fablico del Gran Teatro ha vivido este homenaje a los cuatro grandes del flamenco: Camar\u00f3n, Enrique Morente, Paco de Luc\u00eda y Manolo Sanl\u00facar.<\/p>\n<p><img class=\"aligncenter wp-image-7871 size-fusion-800\" src=\"https:\/\/teatrocordoba.es\/festival-guitarra-cordoba\/wp-content\/uploads\/2024\/07\/LIANRES10-800x533.jpg\" alt=\"\" width=\"800\" height=\"533\" srcset=\"https:\/\/teatrocordoba.es\/festival-guitarra-cordoba\/wp-content\/uploads\/2024\/07\/LIANRES10-200x133.jpg 200w, https:\/\/teatrocordoba.es\/festival-guitarra-cordoba\/wp-content\/uploads\/2024\/07\/LIANRES10-300x200.jpg 300w, https:\/\/teatrocordoba.es\/festival-guitarra-cordoba\/wp-content\/uploads\/2024\/07\/LIANRES10-400x267.jpg 400w, https:\/\/teatrocordoba.es\/festival-guitarra-cordoba\/wp-content\/uploads\/2024\/07\/LIANRES10-600x400.jpg 600w, https:\/\/teatrocordoba.es\/festival-guitarra-cordoba\/wp-content\/uploads\/2024\/07\/LIANRES10-768x512.jpg 768w, https:\/\/teatrocordoba.es\/festival-guitarra-cordoba\/wp-content\/uploads\/2024\/07\/LIANRES10-800x533.jpg 800w, https:\/\/teatrocordoba.es\/festival-guitarra-cordoba\/wp-content\/uploads\/2024\/07\/LIANRES10-1024x683.jpg 1024w, https:\/\/teatrocordoba.es\/festival-guitarra-cordoba\/wp-content\/uploads\/2024\/07\/LIANRES10-1200x800.jpg 1200w, https:\/\/teatrocordoba.es\/festival-guitarra-cordoba\/wp-content\/uploads\/2024\/07\/LIANRES10-1536x1024.jpg 1536w\" sizes=\"(max-width: 800px) 100vw, 800px\" \/><\/p>\n<p>Sobre el escenario del Teatro G\u00f3ngora se han escuchado las guitarras de Ca\u00f1izares Guitar Tr\u00edo, formado por Ca\u00f1izares, Juan Carlos G\u00f3mez y Luis Miguel G\u00f3mez. El int\u00e9rprete, recientemente premiado con el Premio Nacional de M\u00fasica 2023, ha compartido con el p\u00fablico un repertorio que muestra la expresividad m\u00e1s \u00edntima de la guitarra.<\/p>\n<p><img class=\"aligncenter wp-image-7870 size-fusion-800\" src=\"https:\/\/teatrocordoba.es\/festival-guitarra-cordoba\/wp-content\/uploads\/2024\/07\/CA67-800x533.jpg\" alt=\"\" width=\"800\" height=\"533\" srcset=\"https:\/\/teatrocordoba.es\/festival-guitarra-cordoba\/wp-content\/uploads\/2024\/07\/CA67-200x133.jpg 200w, https:\/\/teatrocordoba.es\/festival-guitarra-cordoba\/wp-content\/uploads\/2024\/07\/CA67-300x200.jpg 300w, https:\/\/teatrocordoba.es\/festival-guitarra-cordoba\/wp-content\/uploads\/2024\/07\/CA67-400x267.jpg 400w, https:\/\/teatrocordoba.es\/festival-guitarra-cordoba\/wp-content\/uploads\/2024\/07\/CA67-600x400.jpg 600w, https:\/\/teatrocordoba.es\/festival-guitarra-cordoba\/wp-content\/uploads\/2024\/07\/CA67-768x512.jpg 768w, https:\/\/teatrocordoba.es\/festival-guitarra-cordoba\/wp-content\/uploads\/2024\/07\/CA67-800x533.jpg 800w, https:\/\/teatrocordoba.es\/festival-guitarra-cordoba\/wp-content\/uploads\/2024\/07\/CA67-1024x683.jpg 1024w, https:\/\/teatrocordoba.es\/festival-guitarra-cordoba\/wp-content\/uploads\/2024\/07\/CA67-1200x800.jpg 1200w, https:\/\/teatrocordoba.es\/festival-guitarra-cordoba\/wp-content\/uploads\/2024\/07\/CA67-1536x1024.jpg 1536w\" sizes=\"(max-width: 800px) 100vw, 800px\" \/><\/p>\n<p>Por \u00faltimo, el Patio Barroco de la Diputaci\u00f3n ha acogido el 9\u00b0 Encuentro Europeo de J\u00f3venes Guitarristas con la participaci\u00f3n de Guitarles Acad\u00e8mie bajo la direcci\u00f3n de Sylvie Dagnac y la Orquesta de Guitarras Ziryab dirigida por Celso Garc\u00eda, ambas orquestas han interpretado algunos temas modernos adaptados para el instrumento protagonista de nuestro festival.<\/p>\n<p><img class=\"aligncenter wp-image-7869 size-fusion-800\" src=\"https:\/\/teatrocordoba.es\/festival-guitarra-cordoba\/wp-content\/uploads\/2024\/07\/DIPU10-800x533.jpg\" alt=\"\" width=\"800\" height=\"533\" srcset=\"https:\/\/teatrocordoba.es\/festival-guitarra-cordoba\/wp-content\/uploads\/2024\/07\/DIPU10-200x133.jpg 200w, https:\/\/teatrocordoba.es\/festival-guitarra-cordoba\/wp-content\/uploads\/2024\/07\/DIPU10-300x200.jpg 300w, https:\/\/teatrocordoba.es\/festival-guitarra-cordoba\/wp-content\/uploads\/2024\/07\/DIPU10-400x267.jpg 400w, https:\/\/teatrocordoba.es\/festival-guitarra-cordoba\/wp-content\/uploads\/2024\/07\/DIPU10-600x400.jpg 600w, https:\/\/teatrocordoba.es\/festival-guitarra-cordoba\/wp-content\/uploads\/2024\/07\/DIPU10-768x512.jpg 768w, https:\/\/teatrocordoba.es\/festival-guitarra-cordoba\/wp-content\/uploads\/2024\/07\/DIPU10-800x533.jpg 800w, https:\/\/teatrocordoba.es\/festival-guitarra-cordoba\/wp-content\/uploads\/2024\/07\/DIPU10-1024x683.jpg 1024w, https:\/\/teatrocordoba.es\/festival-guitarra-cordoba\/wp-content\/uploads\/2024\/07\/DIPU10-1200x800.jpg 1200w, https:\/\/teatrocordoba.es\/festival-guitarra-cordoba\/wp-content\/uploads\/2024\/07\/DIPU10-1536x1024.jpg 1536w\" sizes=\"(max-width: 800px) 100vw, 800px\" \/><\/p>\n<p><strong>Quinto d\u00eda del Programa Formativo<\/strong><\/p>\n<p>Este domingo ha comenzado el curso del guitarrista Antonio Rey, ganador de un Latin Grammy por su disco <em>Flamenco Sin Fronteras<\/em>, que se desarrolla durante tres d\u00edas en el Conservatorio Superior de M\u00fasica Rafael Orozco. Rey compartir\u00e1 su aprendizaje con los alumnos en completo curso titulado <em>T\u00e9cnica de la Guitarra Flamenca: Arpegios, picados, pulgar, rasgueos, tr\u00e9molos<\/em>.<\/p>\n<p>Asimismo ha comenzado el curso de danza de Rafaela Carrasco, titulado <em>T\u00e9cnica y coreograf\u00eda del baile flamenco<\/em>. En estas clases, alumnos nacionales e internacionales han elaborado una coreograf\u00eda manteniendo la ra\u00edz flamenca y absorbiendo otras disciplinas danc\u00edsticas.<\/p>\n<p>La guitarrista Anabel Montesinos ha clausurado este domingo su curso <em>El Arte del estudio: Metodolog\u00eda, t\u00e9cnica, interpretaci\u00f3n<\/em> en el CSM Rafael Orozco.<\/p>\n<\/div><div class=\"fusion-clearfix\"><\/div><\/div><\/div><\/div><\/div>\n","protected":false},"excerpt":{"rendered":"","protected":false},"author":6,"featured_media":7868,"comment_status":"open","ping_status":"open","sticky":false,"template":"","format":"standard","meta":[],"categories":[120],"tags":[],"acf":[],"_links":{"self":[{"href":"https:\/\/teatrocordoba.es\/festival-guitarra-cordoba\/wp-json\/wp\/v2\/posts\/7867"}],"collection":[{"href":"https:\/\/teatrocordoba.es\/festival-guitarra-cordoba\/wp-json\/wp\/v2\/posts"}],"about":[{"href":"https:\/\/teatrocordoba.es\/festival-guitarra-cordoba\/wp-json\/wp\/v2\/types\/post"}],"author":[{"embeddable":true,"href":"https:\/\/teatrocordoba.es\/festival-guitarra-cordoba\/wp-json\/wp\/v2\/users\/6"}],"replies":[{"embeddable":true,"href":"https:\/\/teatrocordoba.es\/festival-guitarra-cordoba\/wp-json\/wp\/v2\/comments?post=7867"}],"version-history":[{"count":5,"href":"https:\/\/teatrocordoba.es\/festival-guitarra-cordoba\/wp-json\/wp\/v2\/posts\/7867\/revisions"}],"predecessor-version":[{"id":7876,"href":"https:\/\/teatrocordoba.es\/festival-guitarra-cordoba\/wp-json\/wp\/v2\/posts\/7867\/revisions\/7876"}],"wp:featuredmedia":[{"embeddable":true,"href":"https:\/\/teatrocordoba.es\/festival-guitarra-cordoba\/wp-json\/wp\/v2\/media\/7868"}],"wp:attachment":[{"href":"https:\/\/teatrocordoba.es\/festival-guitarra-cordoba\/wp-json\/wp\/v2\/media?parent=7867"}],"wp:term":[{"taxonomy":"category","embeddable":true,"href":"https:\/\/teatrocordoba.es\/festival-guitarra-cordoba\/wp-json\/wp\/v2\/categories?post=7867"},{"taxonomy":"post_tag","embeddable":true,"href":"https:\/\/teatrocordoba.es\/festival-guitarra-cordoba\/wp-json\/wp\/v2\/tags?post=7867"}],"curies":[{"name":"wp","href":"https:\/\/api.w.org\/{rel}","templated":true}]}}