{"id":9291,"date":"2026-03-23T18:52:11","date_gmt":"2026-03-23T18:52:11","guid":{"rendered":"https:\/\/teatrocordoba.es\/festival-guitarra-cordoba\/?p=9291"},"modified":"2026-03-23T18:56:41","modified_gmt":"2026-03-23T18:56:41","slug":"salen-a-la-venta-las-entradas-para-el-espectaculo-omega-30-aniversario-cierre-del-45-festival-de-la-guitarra-de-cordoba","status":"publish","type":"post","link":"https:\/\/teatrocordoba.es\/festival-guitarra-cordoba\/salen-a-la-venta-las-entradas-para-el-espectaculo-omega-30-aniversario-cierre-del-45-festival-de-la-guitarra-de-cordoba\/","title":{"rendered":"Salen a la venta las entradas para el espect\u00e1culo \u2018Omega. 30 aniversario\u2019, cierre del 45 Festival de la Guitarra de C\u00f3rdoba"},"content":{"rendered":"<p style=\"text-align: center;\"><strong>Kiki Morente y Lagartija Nick lideran este espect\u00e1culo que se podr\u00e1 ver por primera vez en Andaluc\u00eda tras su estreno en Madrid.<\/strong><\/p>\n<p><a href=\"https:\/\/teatrocordoba.es\/festival-guitarra-cordoba\/eventos\/omega-30-aniversario\/\">\u2018Omega. 30 aniversario\u2019<\/a> clausura la 45 edici\u00f3n del Festival de la Guitarra de C\u00f3rdoba, que se celebrar\u00e1 del 1 al 11 de julio en los Teatro de C\u00f3rdoba. El espect\u00e1culo, liderado por Kiki Morente y Lagartija Nick, llega al Teatro de la Axerqu\u00eda el pr\u00f3ximo 11 de julio, en la que ser\u00e1 la primera fecha en Andaluc\u00eda, tras su estreno en Madrid. Las entradas estar\u00e1n disponibles <strong>desde este martes 24 de marzo a las 10 horas en la taquilla del Gran Teatro y a trav\u00e9s de <a href=\"http:\/\/guitarracordoba.es\">guitarracordoba.es<\/a>.<\/strong><\/p>\n<p>El FGC revivir\u00e1 con su programaci\u00f3n una de las obras m\u00e1s revolucionarias de la m\u00fasica espa\u00f1ola. El m\u00edtico proyecto con el que Enrique Morente rompi\u00f3 las fronteras del flamenco regresa al escenario como una experiencia en directo donde el cante jondo dialoga con la poes\u00eda de Federico Garc\u00eda Lorca, la influencia de Leonard Cohen y una dimensi\u00f3n el\u00e9ctrica y contempor\u00e1nea que marc\u00f3 un antes y un despu\u00e9s.<\/p>\n<p>Kiki Morente y Lagartija Nick reinterpretan los momentos m\u00e1s ic\u00f3nicos de Omega sobre el escenario de la Axerqu\u00eda que llega a C\u00f3rdoba con la intenci\u00f3n de provocar una vivencia intensa y envolvente, en la que tradici\u00f3n y vanguardia se encuentran con fuerza y emoci\u00f3n. Kiki Morente suma una conexi\u00f3n profundamente emocional, aportando su voz y sensibilidad como puente entre el legado de su padre y su presente. El bailaor Israel Galv\u00e1n firma la coreograf\u00eda que \u00e9l mismo interpretar\u00e1 en la noche con la que el festival pondr\u00e1 punto y final.<\/p>\n<p>Lagartija Nick, pieza clave del \u00e1lbum original, aporta su energ\u00eda rock y su sonido experimental, manteniendo vivo el esp\u00edritu transgresor de la obra. La banda est\u00e1 formada por Antonio Arias (voz y bajo); Juan Codorn\u00edu (guitarra y voces), Eric Jim\u00e9nez (bater\u00eda) y Juan Jos\u00e9 Machuca (teclados).<\/p>\n<p>Junto a ellos, estar\u00e1n Marcos Gago a la guitarra flamenca, Popo Gabarre y Curro Conde a la percusi\u00f3n y, como parte del coro y palmas, Dani Bonilla, Noemi Humanes, Carlos Canela y Aroa Palomo.<\/p>\n<p>La direcci\u00f3n musical de este espect\u00e1culo corre a cargo de V\u00edctor Mart\u00ednez; mientras que Ver\u00f3nica Morales es la directora de escena. Antonio Valiente se ha encargado del dise\u00f1o de luces.<\/p>\n<p>Las entradas para todos los espect\u00e1culos y conciertos del 45 Festival de la Guitarra de C\u00f3rdoba est\u00e1n disponibles en <a href=\"http:\/\/teatrocordoba.es\/festival-guitarra-cordoba\/\">teatrocordoba.es\/festival-guitarra-cordoba\/<\/a> en las taquillas de los Teatros de C\u00f3rdoba en su horario especial para los d\u00edas de Festival y en la <a href=\"https:\/\/teatrocordoba.es\/app-imae\/\"><strong>APP \u2013 IMAE \u2013 Teatros de C\u00f3rdoba<\/strong><\/a>, disponible para IOS y Android.<\/p>\n<p>&nbsp;<\/p>\n","protected":false},"excerpt":{"rendered":"<p>Kiki Morente y Lagartija Nick lideran este espect\u00e1culo que se podr\u00e1 ver por primera vez en Andaluc\u00eda tras su estreno en Madrid. \u2018Omega. 30 aniversario\u2019 clausura la 45 edici\u00f3n del Festival de la Guitarra de C\u00f3rdoba, que se celebrar\u00e1 del 1 al 11 de julio en los Teatro de C\u00f3rdoba. El espect\u00e1culo, liderado por Kiki Morente y Lagartija Nick, llega al Teatro de la Axerqu\u00eda el pr\u00f3ximo 11 de julio, en la que ser\u00e1 la primera fecha en Andaluc\u00eda, tras su estreno en Madrid. Las entradas estar\u00e1n disponibles desde este martes 24 de marzo a las 10 horas en la taquilla [&hellip;]<\/p>\n","protected":false},"author":6,"featured_media":9292,"comment_status":"open","ping_status":"open","sticky":false,"template":"","format":"standard","meta":[],"categories":[1],"tags":[],"acf":[],"_links":{"self":[{"href":"https:\/\/teatrocordoba.es\/festival-guitarra-cordoba\/wp-json\/wp\/v2\/posts\/9291"}],"collection":[{"href":"https:\/\/teatrocordoba.es\/festival-guitarra-cordoba\/wp-json\/wp\/v2\/posts"}],"about":[{"href":"https:\/\/teatrocordoba.es\/festival-guitarra-cordoba\/wp-json\/wp\/v2\/types\/post"}],"author":[{"embeddable":true,"href":"https:\/\/teatrocordoba.es\/festival-guitarra-cordoba\/wp-json\/wp\/v2\/users\/6"}],"replies":[{"embeddable":true,"href":"https:\/\/teatrocordoba.es\/festival-guitarra-cordoba\/wp-json\/wp\/v2\/comments?post=9291"}],"version-history":[{"count":3,"href":"https:\/\/teatrocordoba.es\/festival-guitarra-cordoba\/wp-json\/wp\/v2\/posts\/9291\/revisions"}],"predecessor-version":[{"id":9295,"href":"https:\/\/teatrocordoba.es\/festival-guitarra-cordoba\/wp-json\/wp\/v2\/posts\/9291\/revisions\/9295"}],"wp:featuredmedia":[{"embeddable":true,"href":"https:\/\/teatrocordoba.es\/festival-guitarra-cordoba\/wp-json\/wp\/v2\/media\/9292"}],"wp:attachment":[{"href":"https:\/\/teatrocordoba.es\/festival-guitarra-cordoba\/wp-json\/wp\/v2\/media?parent=9291"}],"wp:term":[{"taxonomy":"category","embeddable":true,"href":"https:\/\/teatrocordoba.es\/festival-guitarra-cordoba\/wp-json\/wp\/v2\/categories?post=9291"},{"taxonomy":"post_tag","embeddable":true,"href":"https:\/\/teatrocordoba.es\/festival-guitarra-cordoba\/wp-json\/wp\/v2\/tags?post=9291"}],"curies":[{"name":"wp","href":"https:\/\/api.w.org\/{rel}","templated":true}]}}