{"id":9327,"date":"2026-04-23T12:41:57","date_gmt":"2026-04-23T12:41:57","guid":{"rendered":"https:\/\/teatrocordoba.es\/festival-guitarra-cordoba\/?p=9327"},"modified":"2026-04-23T12:43:21","modified_gmt":"2026-04-23T12:43:21","slug":"teddy-bautista-macarena-gomez-pablo-salinas-y-nuria-garcia-convocan-las-audiciones-de-bailarinas-para-el-estreno-de-ciclos-5-0-el-periplo-de-las-heroinas-en-el-45fgc","status":"publish","type":"post","link":"https:\/\/teatrocordoba.es\/festival-guitarra-cordoba\/teddy-bautista-macarena-gomez-pablo-salinas-y-nuria-garcia-convocan-las-audiciones-de-bailarinas-para-el-estreno-de-ciclos-5-0-el-periplo-de-las-heroinas-en-el-45fgc\/","title":{"rendered":"Teddy Bautista, Macarena G\u00f3mez, Pablo Salinas y Nuria Garc\u00eda convocan las audiciones de bailarinas para el estreno de Ciclos 5.0. El Periplo de las Hero\u00ednas en el #45FGC"},"content":{"rendered":"<p><strong>La Factor\u00eda del Musical Cordob\u00e9s celebra este viernes en C\u00f3rdoba su primera audici\u00f3n presencial de bailarinas para la \u00f3pera electr\u00f3nica que se estrenar\u00e1 el pr\u00f3ximo 3 de julio en el Gran Teatro<\/strong><\/p>\n<p>El pr\u00f3ximo <strong>viernes 24 de abril<\/strong>, el equipo art\u00edstico al completo de <strong>Ciclos 5.0. El Periplo de las Hero\u00ednas<\/strong> se reunir\u00e1 en la <strong>Sala Polifemo del Teatro G\u00f3ngora<\/strong> de C\u00f3rdoba para la primera audici\u00f3n presencial de bailarinas de la \u00f3pera electr\u00f3nica que se estrenar\u00e1 en <strong>estreno absoluto<\/strong> el 3 de julio en el Gran Teatro, dentro del programa del <strong>45\u00ba Festival de la Guitarra de C\u00f3rdoba<\/strong>, organizado por el <strong>Instituto Municipal de Artes Esc\u00e9nicas de C\u00f3rdoba (IMAE)<\/strong>, del 1 al 11 de julio de 2026.<\/p>\n<p>La audici\u00f3n, organizada por <strong>La Factor\u00eda del Musical Cordob\u00e9s<\/strong> \u2014el proyecto de emprendimiento esc\u00e9nico impulsado por la productora <strong>Nurylands<\/strong>\u2014, no se concibe como un examen convencional, sino como una jornada de trabajo real. Las candidatas seleccionadas en una primera criba previa compartir\u00e1n el espacio con el equipo art\u00edstico en lo que se plantea como un <strong>ensayo profesional abierto<\/strong>, en el que tambi\u00e9n intervendr\u00e1n <strong>Macarena G\u00f3mez<\/strong> en el \u00e1rea de interpretaci\u00f3n, <strong>Pablo Salinas<\/strong> en la direcci\u00f3n musical y <strong>Alex Trickoso<\/strong> explorando el potencial acrob\u00e1tico de las participantes.<\/p>\n<h3>UNA AUDICI\u00d3N DISE\u00d1ADA COMO ENSAYO PROFESIONAL<\/h3>\n<p>La jornada arrancar\u00e1 a las <strong>11:00 horas<\/strong> con la llegada de las bailarinas, que comenzar\u00e1n calentando de forma aut\u00f3noma. A las <strong>11:30 h<\/strong>, cada una presentar\u00e1 una <strong>coreograf\u00eda individual de aproximadamente dos minutos<\/strong>, preferiblemente con zapatilla de media punta o bamba de jazz. A partir de las <strong>12:15 h<\/strong>, trabajar\u00e1n en grupo con secuencias de estilo musical y variaciones de corte neocl\u00e1sico. El equipo art\u00edstico quiere ir m\u00e1s all\u00e1 de la t\u00e9cnica e indagar\u00e1 tambi\u00e9n en el potencial vocal e incluso acrob\u00e1tico de las int\u00e9rpretes.<\/p>\n<p>La Factor\u00eda busca entre <strong>siete y nueve bailarinas<\/strong> con musicalidad, versatilidad y nivel t\u00e9cnico avanzado. Pueden presentarse int\u00e9rpretes <strong>mayores de 16 a\u00f1os, sin l\u00edmite m\u00e1ximo de edad<\/strong>.<\/p>\n<h3>EL ESPECT\u00c1CULO: UN NUEVO G\u00c9NERO ESC\u00c9NICO QUE NACE EN C\u00d3RDOBA<\/h3>\n<p><em>Ciclos 5.0. El Periplo de las Hero\u00ednas<\/em> es un espect\u00e1culo musical basado en el \u00faltimo trabajo discogr\u00e1fico de Teddy Bautista, estrenado en Madrid bajo la direcci\u00f3n art\u00edstica de Luis Cobo. La cordobesa <strong>Nuria Garc\u00eda<\/strong>, directora y core\u00f3grafa del proyecto, concibi\u00f3 una propuesta esc\u00e9nica original al escuchar la m\u00fasica de Bautista, quien dio su visto bueno al enfoque y se incorpor\u00f3 al proyecto como figura central y padrino art\u00edstico.<\/p>\n<p>El resultado es lo que sus creadores definen como una <strong>\u00f3pera electr\u00f3nica<\/strong>, un g\u00e9nero in\u00e9dito que, siguiendo la tradici\u00f3n oper\u00edstica, se apoya en el libreto del disco para construir una narraci\u00f3n esc\u00e9nica. La historia traza el <strong>viaje de mujeres desde Oriente hasta Occidente en di\u00e1logo con el imaginario de Marco Polo<\/strong>, y cada n\u00famero funciona tambi\u00e9n como poema electr\u00f3nico con identidad propia.<\/p>\n<p>La pieza estar\u00e1 interpretada exclusivamente por mujeres, con m\u00fasicos e int\u00e9rpretes invitados: el propio <strong>Teddy Bautista<\/strong>, el acr\u00f3bata <strong>Alex Trickoso<\/strong>, <strong>Pablo Salinas<\/strong> y el cantante <strong>Pedro Ruy Blas<\/strong>, muy conocido en el \u00e1mbito del teatro musical.<\/p>\n<h3>LA FACTOR\u00cdA DEL MUSICAL CORDOB\u00c9S: UNA APUESTA ESTRUCTURAL POR LA INDUSTRIA ESC\u00c9NICA LOCAL<\/h3>\n<p><em>Ciclos 5.0<\/em> es la primera producci\u00f3n de <strong>La Factor\u00eda del Musical Cordob\u00e9s<\/strong>, un proyecto creado para descentralizar la formaci\u00f3n y la producci\u00f3n de musicales y consolidar C\u00f3rdoba como sede estable de creaci\u00f3n, montaje y profesionalizaci\u00f3n del talento art\u00edstico. El proyecto cuenta con el respaldo institucional del <strong>Imdeec<\/strong> y la teniente de alcalde delegada de Cultura, <strong>Isabel Alb\u00e1s<\/strong>, y ya tiene en marcha una segunda producci\u00f3n para Navidad de orientaci\u00f3n familiar.<\/p>\n<p>La presencia simult\u00e1nea de Teddy Bautista y Pablo Salinas en el cartel del <strong>45\u00ba Festival de la Guitarra<\/strong> refuerza la apuesta: ambos artistas participar\u00e1n en el encuentro divulgativo <a href=\"https:\/\/teatrocordoba.es\/festival-guitarra-cordoba\/la-guitarra-cuenta-45fgc\/\"><em>La Guitarra Cuenta<\/em><\/a> el <strong>1 de julio en la Sala de Telares del Gran Teatro<\/strong>, y Salinas impartir\u00e1 adem\u00e1s un <a href=\"https:\/\/teatrocordoba.es\/tienda\/event\/117-pablo-salinas-guitarras-robots-inteligencia-artificial-el-futuro-de-la-creacion-musical\" target=\"_blank\" rel=\"noopener\">taller sobre inteligencia artificial<\/a> aplicada a la composici\u00f3n musical del 5 al 7 de julio.<\/p>\n<p>&nbsp;<\/p>\n","protected":false},"excerpt":{"rendered":"<p>La Factor\u00eda del Musical Cordob\u00e9s celebra este viernes en C\u00f3rdoba su primera audici\u00f3n presencial de bailarinas para la \u00f3pera electr\u00f3nica que se estrenar\u00e1 el pr\u00f3ximo 3 de julio en el Gran Teatro El pr\u00f3ximo viernes 24 de abril, el equipo art\u00edstico al completo de Ciclos 5.0. El Periplo de las Hero\u00ednas se reunir\u00e1 en la Sala Polifemo del Teatro G\u00f3ngora de C\u00f3rdoba para la primera audici\u00f3n presencial de bailarinas de la \u00f3pera electr\u00f3nica que se estrenar\u00e1 en estreno absoluto el 3 de julio en el Gran Teatro, dentro del programa del 45\u00ba Festival de la Guitarra de C\u00f3rdoba, organizado por el [&hellip;]<\/p>\n","protected":false},"author":6,"featured_media":9328,"comment_status":"open","ping_status":"open","sticky":false,"template":"","format":"standard","meta":[],"categories":[1],"tags":[],"acf":[],"_links":{"self":[{"href":"https:\/\/teatrocordoba.es\/festival-guitarra-cordoba\/wp-json\/wp\/v2\/posts\/9327"}],"collection":[{"href":"https:\/\/teatrocordoba.es\/festival-guitarra-cordoba\/wp-json\/wp\/v2\/posts"}],"about":[{"href":"https:\/\/teatrocordoba.es\/festival-guitarra-cordoba\/wp-json\/wp\/v2\/types\/post"}],"author":[{"embeddable":true,"href":"https:\/\/teatrocordoba.es\/festival-guitarra-cordoba\/wp-json\/wp\/v2\/users\/6"}],"replies":[{"embeddable":true,"href":"https:\/\/teatrocordoba.es\/festival-guitarra-cordoba\/wp-json\/wp\/v2\/comments?post=9327"}],"version-history":[{"count":3,"href":"https:\/\/teatrocordoba.es\/festival-guitarra-cordoba\/wp-json\/wp\/v2\/posts\/9327\/revisions"}],"predecessor-version":[{"id":9331,"href":"https:\/\/teatrocordoba.es\/festival-guitarra-cordoba\/wp-json\/wp\/v2\/posts\/9327\/revisions\/9331"}],"wp:featuredmedia":[{"embeddable":true,"href":"https:\/\/teatrocordoba.es\/festival-guitarra-cordoba\/wp-json\/wp\/v2\/media\/9328"}],"wp:attachment":[{"href":"https:\/\/teatrocordoba.es\/festival-guitarra-cordoba\/wp-json\/wp\/v2\/media?parent=9327"}],"wp:term":[{"taxonomy":"category","embeddable":true,"href":"https:\/\/teatrocordoba.es\/festival-guitarra-cordoba\/wp-json\/wp\/v2\/categories?post=9327"},{"taxonomy":"post_tag","embeddable":true,"href":"https:\/\/teatrocordoba.es\/festival-guitarra-cordoba\/wp-json\/wp\/v2\/tags?post=9327"}],"curies":[{"name":"wp","href":"https:\/\/api.w.org\/{rel}","templated":true}]}}